{"id":11272,"date":"2026-02-19T14:30:44","date_gmt":"2026-02-19T13:30:44","guid":{"rendered":"https:\/\/visitvinkovci.com\/?p=11272"},"modified":"2026-02-19T14:36:57","modified_gmt":"2026-02-19T13:36:57","slug":"javni-poziv-za-iskaz-interesa-sudjelovanja-na-xiii-rimskim-danima-2026","status":"publish","type":"post","link":"https:\/\/visitvinkovci.com\/en\/javni-poziv-za-iskaz-interesa-sudjelovanja-na-xiii-rimskim-danima-2026\/","title":{"rendered":"Javni poziv za iskaz interesa sudjelovanja na XIII. Rimskim danima 2026."},"content":{"rendered":"<p>Pozivamo sve zainteresirane institucije, udruge te ostale pravne i fizi\u010dke osobe da iska\u017eu interes za sudjelovanje u programu<br \/>\n<span style=\"color: #870000;\">XIII. Rimskih dana<\/span>, prijavom putem obrasca.<br \/>\nProgram\u00a0\u201cRimski dani\u201d\u00a0provodit \u0107e se u razdoblju od 12. do 14. lipnja 2026. godine u Vinkovcima, a obuhva\u0107ati \u0107e razli\u010dite radionice i druge programske aktivnosti.<br \/>\nPozivamo vas da svojim prijedlogom i sudjelovanjem doprinesete programu manifestacije te zajedno stvorimo kvalitetan i zanimljiv sadr\u017eaj za posjetitelje.<\/p>\n<p><span style=\"color: #870000;\">Prijava na radionice:<\/span> edukativne, kreativne, povijesne, autenti\u010dne, interaktivne i sl.<br \/>\n<a href=\"https:\/\/visitvinkovci.com\/en\/?attachment_id=11276\" target=\"_blank\" rel=\"noopener\"><img loading=\"lazy\" decoding=\"async\" class=\"alignnone wp-image-11276 size-medium\" src=\"https:\/\/visitvinkovci.com\/wp-content\/uploads\/2026\/02\/5S9A9096-300x200.jpg\" alt=\"\" width=\"300\" height=\"200\" srcset=\"https:\/\/visitvinkovci.com\/wp-content\/uploads\/2026\/02\/5S9A9096-300x200.jpg 300w, https:\/\/visitvinkovci.com\/wp-content\/uploads\/2026\/02\/5S9A9096-1024x683.jpg 1024w, https:\/\/visitvinkovci.com\/wp-content\/uploads\/2026\/02\/5S9A9096-18x12.jpg 18w, https:\/\/visitvinkovci.com\/wp-content\/uploads\/2026\/02\/5S9A9096-1320x880.jpg 1320w\" sizes=\"auto, (max-width: 300px) 100vw, 300px\" \/><\/a><br \/>\n<span style=\"color: #870000;\">Prijava na sajam:<\/span>\u00a0izlaga\u010di koji nude proizvode usko vezane uz rimsko i anti\u010dko razdoblje,<br \/>\nkao i proizvode koji s navedenim razdobljem imaju jasnu i logi\u010dnu tematsku poveznicu.<br \/>\n<a href=\"https:\/\/visitvinkovci.com\/en\/?attachment_id=11277\" target=\"_blank\" rel=\"noopener\"><img loading=\"lazy\" decoding=\"async\" class=\"alignnone wp-image-11277 size-medium\" src=\"https:\/\/visitvinkovci.com\/wp-content\/uploads\/2026\/02\/R02_5228-300x200.jpg\" alt=\"\" width=\"300\" height=\"200\" srcset=\"https:\/\/visitvinkovci.com\/wp-content\/uploads\/2026\/02\/R02_5228-300x200.jpg 300w, https:\/\/visitvinkovci.com\/wp-content\/uploads\/2026\/02\/R02_5228-1024x683.jpg 1024w, https:\/\/visitvinkovci.com\/wp-content\/uploads\/2026\/02\/R02_5228-18x12.jpg 18w\" sizes=\"auto, (max-width: 300px) 100vw, 300px\" \/><\/a><br \/>\n*Nije dopu\u0161teno izlaganje od plastike, gume i sli\u010dnih suvremenih materijala.<br \/>\n*Proizvodi koji tematski pripadaju drugim razdobljima ili manifestacijama nisu dopu\u0161teni.<\/p>\n<p>Prijave se prikupljaju isklju\u010divo putem prijavnog\ud83d\udc49\u00a0<a href=\"https:\/\/docs.google.com\/forms\/d\/e\/1FAIpQLSeb0MVRvpEN0wc4EVLcNDshfXwFWfmKVfd1s10Wr_Pz9PzeNQ\/viewform\" target=\"_blank\" rel=\"noopener\">OBRASCA<\/a>, \ud83d\udc48 i to do 16. o\u017eujka 2026. godine.<\/p>\n<p>Nakon isteka roka za prijavu, svi prijavljeni sudionici bit \u0107e pravodobno<br \/>\nobavije\u0161teni putem adrese elektroni\u010dke po\u0161te navedene u samoj prijavi.<\/p>","protected":false},"excerpt":{"rendered":"<p>Pozivamo sve zainteresirane institucije, udruge te ostale pravne i fizi\u010dke osobe da iska\u017eu interes za sudjelovanje u programu XIII. Rimskih dana, prijavom putem obrasca. Program\u00a0\u201cRimski dani\u201d\u00a0provodit \u0107e se u razdoblju&#8230;<\/p>","protected":false},"author":2,"featured_media":11281,"comment_status":"closed","ping_status":"closed","sticky":false,"template":"","format":"standard","meta":{"footnotes":""},"categories":[1],"tags":[],"class_list":["post-11272","post","type-post","status-publish","format-standard","has-post-thumbnail","hentry","category-uncategorized-hr"],"acf":[],"_links":{"self":[{"href":"https:\/\/visitvinkovci.com\/en\/wp-json\/wp\/v2\/posts\/11272","targetHints":{"allow":["GET"]}}],"collection":[{"href":"https:\/\/visitvinkovci.com\/en\/wp-json\/wp\/v2\/posts"}],"about":[{"href":"https:\/\/visitvinkovci.com\/en\/wp-json\/wp\/v2\/types\/post"}],"author":[{"embeddable":true,"href":"https:\/\/visitvinkovci.com\/en\/wp-json\/wp\/v2\/users\/2"}],"replies":[{"embeddable":true,"href":"https:\/\/visitvinkovci.com\/en\/wp-json\/wp\/v2\/comments?post=11272"}],"version-history":[{"count":6,"href":"https:\/\/visitvinkovci.com\/en\/wp-json\/wp\/v2\/posts\/11272\/revisions"}],"predecessor-version":[{"id":11280,"href":"https:\/\/visitvinkovci.com\/en\/wp-json\/wp\/v2\/posts\/11272\/revisions\/11280"}],"wp:featuredmedia":[{"embeddable":true,"href":"https:\/\/visitvinkovci.com\/en\/wp-json\/wp\/v2\/media\/11281"}],"wp:attachment":[{"href":"https:\/\/visitvinkovci.com\/en\/wp-json\/wp\/v2\/media?parent=11272"}],"wp:term":[{"taxonomy":"category","embeddable":true,"href":"https:\/\/visitvinkovci.com\/en\/wp-json\/wp\/v2\/categories?post=11272"},{"taxonomy":"post_tag","embeddable":true,"href":"https:\/\/visitvinkovci.com\/en\/wp-json\/wp\/v2\/tags?post=11272"}],"curies":[{"name":"wp","href":"https:\/\/api.w.org\/{rel}","templated":true}]}}