{"id":10781,"date":"2025-09-29T09:33:31","date_gmt":"2025-09-29T07:33:31","guid":{"rendered":"https:\/\/visitvinkovci.com\/?p=10781"},"modified":"2025-10-29T15:29:19","modified_gmt":"2025-10-29T14:29:19","slug":"10781-2","status":"publish","type":"post","link":"https:\/\/visitvinkovci.com\/en\/10781-2\/","title":{"rendered":"XII. Rimski dani &#8211; Nagrada TEF festival Krk"},"content":{"rendered":"<div class=\"xdj266r x14z9mp xat24cr x1lziwak x1vvkbs x126k92a\">\n<div dir=\"auto\">Veliko priznanje za Vinkovce!<\/div>\n<\/div>\n<div class=\"x14z9mp xat24cr x1lziwak x1vvkbs xtlvy1s x126k92a\">\n<div dir=\"auto\">Na ovogodi\u0161njem TEF Festu u gradu Krku, film <span style=\"color: #870000;\">&#8220;Rimski dani&#8221;<\/span> ponosno je osvojio drugu nagradu u kategoriji povijest i turizam.<\/div>\n<\/div>\n<div class=\"x14z9mp xat24cr x1lziwak x1vvkbs xtlvy1s x126k92a\">\n<div dir=\"auto\">U konkurenciji \u010dak 134 filma iz 64 turisti\u010dke zajednice, muzeja i etno udruga iz Hrvatske i regije, na\u0161 film je prepoznat i nagra\u0111en, \u0161to nam je velika \u010dast i poticaj za daljnji rad.<\/div>\n<div dir=\"auto\"><a href=\"https:\/\/visitvinkovci.com\/en\/10781-2\/5s9a3016\/\" target=\"_blank\" rel=\"noopener\"><img loading=\"lazy\" decoding=\"async\" class=\"alignnone wp-image-10782 size-medium\" src=\"https:\/\/visitvinkovci.com\/wp-content\/uploads\/2025\/09\/5S9A3016-300x200.jpg\" alt=\"\" width=\"300\" height=\"200\" srcset=\"https:\/\/visitvinkovci.com\/wp-content\/uploads\/2025\/09\/5S9A3016-300x200.jpg 300w, https:\/\/visitvinkovci.com\/wp-content\/uploads\/2025\/09\/5S9A3016-1024x683.jpg 1024w, https:\/\/visitvinkovci.com\/wp-content\/uploads\/2025\/09\/5S9A3016-18x12.jpg 18w, https:\/\/visitvinkovci.com\/wp-content\/uploads\/2025\/09\/5S9A3016-1320x880.jpg 1320w\" sizes=\"auto, (max-width: 300px) 100vw, 300px\" \/><\/a><\/div>\n<\/div>\n<p>&nbsp;<\/p>\n<p><a href=\"https:\/\/www.facebook.com\/rimskidani\/?locale=hr_HR\" target=\"_blank\" rel=\"noopener\">https:\/\/www.facebook.com\/rimskidani\/?locale=hr_HR<\/a><\/p>\n<p><a href=\"https:\/\/www.youtube.com\/watch?v=hf5-KuLeM-k\" target=\"_blank\" rel=\"noopener\">Rimski dani 2025. video<\/a><\/p>","protected":false},"excerpt":{"rendered":"<p>Veliko priznanje za Vinkovce! Na ovogodi\u0161njem TEF Festu u gradu Krku, film &#8220;Rimski dani&#8221; ponosno je osvojio drugu nagradu u kategoriji povijest i turizam. U konkurenciji \u010dak 134 filma iz&#8230;<\/p>","protected":false},"author":2,"featured_media":10783,"comment_status":"closed","ping_status":"closed","sticky":false,"template":"","format":"standard","meta":{"footnotes":""},"categories":[1],"tags":[],"class_list":["post-10781","post","type-post","status-publish","format-standard","has-post-thumbnail","hentry","category-uncategorized-hr"],"acf":[],"_links":{"self":[{"href":"https:\/\/visitvinkovci.com\/en\/wp-json\/wp\/v2\/posts\/10781","targetHints":{"allow":["GET"]}}],"collection":[{"href":"https:\/\/visitvinkovci.com\/en\/wp-json\/wp\/v2\/posts"}],"about":[{"href":"https:\/\/visitvinkovci.com\/en\/wp-json\/wp\/v2\/types\/post"}],"author":[{"embeddable":true,"href":"https:\/\/visitvinkovci.com\/en\/wp-json\/wp\/v2\/users\/2"}],"replies":[{"embeddable":true,"href":"https:\/\/visitvinkovci.com\/en\/wp-json\/wp\/v2\/comments?post=10781"}],"version-history":[{"count":6,"href":"https:\/\/visitvinkovci.com\/en\/wp-json\/wp\/v2\/posts\/10781\/revisions"}],"predecessor-version":[{"id":10887,"href":"https:\/\/visitvinkovci.com\/en\/wp-json\/wp\/v2\/posts\/10781\/revisions\/10887"}],"wp:featuredmedia":[{"embeddable":true,"href":"https:\/\/visitvinkovci.com\/en\/wp-json\/wp\/v2\/media\/10783"}],"wp:attachment":[{"href":"https:\/\/visitvinkovci.com\/en\/wp-json\/wp\/v2\/media?parent=10781"}],"wp:term":[{"taxonomy":"category","embeddable":true,"href":"https:\/\/visitvinkovci.com\/en\/wp-json\/wp\/v2\/categories?post=10781"},{"taxonomy":"post_tag","embeddable":true,"href":"https:\/\/visitvinkovci.com\/en\/wp-json\/wp\/v2\/tags?post=10781"}],"curies":[{"name":"wp","href":"https:\/\/api.w.org\/{rel}","templated":true}]}}