{"id":8940,"date":"2024-09-06T14:00:02","date_gmt":"2024-09-06T12:00:02","guid":{"rendered":"https:\/\/visitvinkovci.com\/?p=8940"},"modified":"2024-09-06T14:00:02","modified_gmt":"2024-09-06T12:00:02","slug":"zivimo-destinaciju-vinkovci-panel","status":"publish","type":"post","link":"https:\/\/visitvinkovci.com\/de\/zivimo-destinaciju-vinkovci-panel\/","title":{"rendered":"\u017divimo destinaciju Vinkovci &#8211; panel"},"content":{"rendered":"<div class=\"x11i5rnm xat24cr x1mh8g0r x1vvkbs xtlvy1s x126k92a\">\n<div dir=\"auto\"><span style=\"color: #870000;\">Turisti\u010dka zajednica grada Vinkovaca<\/span> je organizirala panel <span style=\"color: #008000;\">&#8220;\u017divimo Destinaciju Vinkovci&#8221;<\/span> na kojemu su sudjelovali<\/div>\n<div dir=\"auto\">predstavnik Hrvatske turisti\u010dke zajednice Jure Gali\u0107, voditelj Odjela za potporu i koordinaciju turisti\u010dkih zajednica,<\/div>\n<div dir=\"auto\">Majda Jak\u0161a, direktorica TZ VS\u017d i<\/div>\n<div dir=\"auto\">Martina Matkovi\u0107, direktorica TZ grada Vinkovaca te dionici u turizmu<\/div>\n<div dir=\"auto\"><span class=\"html-span xdj266r x11i5rnm xat24cr x1mh8g0r xexx8yu x4uap5 x18d9i69 xkhd6sd x1hl2dhg x16tdsg8 x1vvkbs\">Ivica \u0160andrk<\/span>, jedan od prvih malih iznajmljiva\u010da u Vinkovcima,<\/div>\n<div dir=\"auto\">Jelena Babi\u0107, predstavnica Destilerija ABELO i<\/div>\n<div dir=\"auto\">Zlatko Celik, dugogodi\u0161nji turisti\u010dki vodi\u010d.<\/div>\n<div dir=\"auto\">Moderator panela je bio <span class=\"html-span xdj266r x11i5rnm xat24cr x1mh8g0r xexx8yu x4uap5 x18d9i69 xkhd6sd x1hl2dhg x16tdsg8 x1vvkbs\">Goran Rihelj<\/span>, urednik portala HRturizam.<\/div>\n<\/div>\n<div class=\"x11i5rnm xat24cr x1mh8g0r x1vvkbs xtlvy1s x126k92a\">\n<div dir=\"auto\">U sklopu projekta \u017dDV predstavljena je <span style=\"color: #008000;\">Knjiga dojmova i \u010darobna destinacijska kocka &#8211; info cube<\/span> koje su dodijeljene svim iznajmljiva\u010dima grada Vinkovaca koji su se odazvali panelu.<\/div>\n<\/div>\n<div class=\"x11i5rnm xat24cr x1mh8g0r x1vvkbs xtlvy1s x126k92a\">\n<div dir=\"auto\">Knjiga dojmova koja sadr\u017ei inspirativne citate bit \u0107e dostupna i u vinkova\u010dkim ku\u0161aonicama <span class=\"html-span xdj266r x11i5rnm xat24cr x1mh8g0r xexx8yu x4uap5 x18d9i69 xkhd6sd x1hl2dhg x16tdsg8 x1vvkbs\"><a class=\"x1i10hfl xjbqb8w x1ejq31n xd10rxx x1sy0etr x17r0tee x972fbf xcfux6l x1qhh985 xm0m39n x9f619 x1ypdohk xt0psk2 xe8uvvx xdj266r x11i5rnm xat24cr x1mh8g0r xexx8yu x4uap5 x18d9i69 xkhd6sd x16tdsg8 x1hl2dhg xggy1nq x1a2a7pz x1sur9pj xkrqix3 x1fey0fg xo1l8bm\" tabindex=\"0\" role=\"link\" href=\"https:\/\/www.facebook.com\/DestilerijaABELO?__cft__[0]=AZU4QjqarxO2CEP878ms7rB1orGe8KKMleSbMFHZtoUbqgIEyXy3szMxJaLWGBGlRQvMCtlUHVvvZp0ytI8aKeAd6SRTMDGV-TD2DQtWD3_eXwajjDun--HLc02I5vIlUHEukGRw9X_2x61rCidwNOT-MIF6z5xMHF_PL0weLJ4dGb_h4T44R4csqV33dHPK_HxEQQB2zwKHvj23DSFk1AkF&amp;__tn__=-]K-R\">Destilerija ABELO<\/a><\/span> i <span class=\"html-span xdj266r x11i5rnm xat24cr x1mh8g0r xexx8yu x4uap5 x18d9i69 xkhd6sd x1hl2dhg x16tdsg8 x1vvkbs\"><a class=\"x1i10hfl xjbqb8w x1ejq31n xd10rxx x1sy0etr x17r0tee x972fbf xcfux6l x1qhh985 xm0m39n x9f619 x1ypdohk xt0psk2 xe8uvvx xdj266r x11i5rnm xat24cr x1mh8g0r xexx8yu x4uap5 x18d9i69 xkhd6sd x16tdsg8 x1hl2dhg xggy1nq x1a2a7pz x1sur9pj xkrqix3 x1fey0fg xo1l8bm\" tabindex=\"0\" role=\"link\" href=\"https:\/\/www.facebook.com\/medovina.ferbezar?__cft__[0]=AZU4QjqarxO2CEP878ms7rB1orGe8KKMleSbMFHZtoUbqgIEyXy3szMxJaLWGBGlRQvMCtlUHVvvZp0ytI8aKeAd6SRTMDGV-TD2DQtWD3_eXwajjDun--HLc02I5vIlUHEukGRw9X_2x61rCidwNOT-MIF6z5xMHF_PL0weLJ4dGb_h4T44R4csqV33dHPK_HxEQQB2zwKHvj23DSFk1AkF&amp;__tn__=-]K-R\">Medovina Ferbe\u017ear<\/a><\/span>, dok \u0107e bogati sadr\u017eaj info kocke za koji je zaslu\u017ena Rujana Bu\u0161i\u0107 iz obrta Sub Tuum biti dostupan i u na\u0161im hotelima.<\/div>\n<div dir=\"auto\"><a href=\"https:\/\/visitvinkovci.com\/?attachment_id=8946\" target=\"_blank\" rel=\"noopener\"><img loading=\"lazy\" decoding=\"async\" class=\"alignnone wp-image-8946\" src=\"https:\/\/visitvinkovci.com\/wp-content\/uploads\/2024\/09\/zdv-2-300x204.jpg\" alt=\"\" width=\"293\" height=\"199\" srcset=\"https:\/\/visitvinkovci.com\/wp-content\/uploads\/2024\/09\/zdv-2-300x204.jpg 300w, https:\/\/visitvinkovci.com\/wp-content\/uploads\/2024\/09\/zdv-2-1024x697.jpg 1024w, https:\/\/visitvinkovci.com\/wp-content\/uploads\/2024\/09\/zdv-2-18x12.jpg 18w, https:\/\/visitvinkovci.com\/wp-content\/uploads\/2024\/09\/zdv-2.jpg 1200w\" sizes=\"auto, (max-width: 293px) 100vw, 293px\" \/><\/a> <a href=\"https:\/\/visitvinkovci.com\/?attachment_id=8947\" target=\"_blank\" rel=\"noopener\"><img loading=\"lazy\" decoding=\"async\" class=\"alignnone wp-image-8947\" src=\"https:\/\/visitvinkovci.com\/wp-content\/uploads\/2024\/09\/zdv-3-300x225.jpg\" alt=\"\" width=\"268\" height=\"201\" srcset=\"https:\/\/visitvinkovci.com\/wp-content\/uploads\/2024\/09\/zdv-3-300x225.jpg 300w, https:\/\/visitvinkovci.com\/wp-content\/uploads\/2024\/09\/zdv-3-1024x768.jpg 1024w, https:\/\/visitvinkovci.com\/wp-content\/uploads\/2024\/09\/zdv-3-16x12.jpg 16w, https:\/\/visitvinkovci.com\/wp-content\/uploads\/2024\/09\/zdv-3.jpg 1200w\" sizes=\"auto, (max-width: 268px) 100vw, 268px\" \/><\/a> <a href=\"https:\/\/visitvinkovci.com\/?attachment_id=8948\" target=\"_blank\" rel=\"noopener\"><img loading=\"lazy\" decoding=\"async\" class=\"alignnone wp-image-8948\" src=\"https:\/\/visitvinkovci.com\/wp-content\/uploads\/2024\/09\/zdv-5-300x225.jpg\" alt=\"\" width=\"264\" height=\"198\" srcset=\"https:\/\/visitvinkovci.com\/wp-content\/uploads\/2024\/09\/zdv-5-300x225.jpg 300w, https:\/\/visitvinkovci.com\/wp-content\/uploads\/2024\/09\/zdv-5-1024x768.jpg 1024w, https:\/\/visitvinkovci.com\/wp-content\/uploads\/2024\/09\/zdv-5-16x12.jpg 16w, https:\/\/visitvinkovci.com\/wp-content\/uploads\/2024\/09\/zdv-5-1320x990.jpg 1320w, https:\/\/visitvinkovci.com\/wp-content\/uploads\/2024\/09\/zdv-5.jpg 1500w\" sizes=\"auto, (max-width: 264px) 100vw, 264px\" \/><\/a><\/div>\n<\/div>\n","protected":false},"excerpt":{"rendered":"<p>Turisti\u010dka zajednica grada Vinkovaca je organizirala panel &#8220;\u017divimo Destinaciju Vinkovci&#8221; na kojemu su sudjelovali predstavnik Hrvatske turisti\u010dke zajednice Jure Gali\u0107, voditelj Odjela za potporu i koordinaciju turisti\u010dkih zajednica, Majda Jak\u0161a,&#8230;<\/p>","protected":false},"author":2,"featured_media":8944,"comment_status":"closed","ping_status":"closed","sticky":false,"template":"","format":"standard","meta":{"footnotes":""},"categories":[1],"tags":[],"class_list":["post-8940","post","type-post","status-publish","format-standard","has-post-thumbnail","hentry","category-uncategorized-hr"],"acf":[],"_links":{"self":[{"href":"https:\/\/visitvinkovci.com\/de\/wp-json\/wp\/v2\/posts\/8940","targetHints":{"allow":["GET"]}}],"collection":[{"href":"https:\/\/visitvinkovci.com\/de\/wp-json\/wp\/v2\/posts"}],"about":[{"href":"https:\/\/visitvinkovci.com\/de\/wp-json\/wp\/v2\/types\/post"}],"author":[{"embeddable":true,"href":"https:\/\/visitvinkovci.com\/de\/wp-json\/wp\/v2\/users\/2"}],"replies":[{"embeddable":true,"href":"https:\/\/visitvinkovci.com\/de\/wp-json\/wp\/v2\/comments?post=8940"}],"version-history":[{"count":4,"href":"https:\/\/visitvinkovci.com\/de\/wp-json\/wp\/v2\/posts\/8940\/revisions"}],"predecessor-version":[{"id":8950,"href":"https:\/\/visitvinkovci.com\/de\/wp-json\/wp\/v2\/posts\/8940\/revisions\/8950"}],"wp:featuredmedia":[{"embeddable":true,"href":"https:\/\/visitvinkovci.com\/de\/wp-json\/wp\/v2\/media\/8944"}],"wp:attachment":[{"href":"https:\/\/visitvinkovci.com\/de\/wp-json\/wp\/v2\/media?parent=8940"}],"wp:term":[{"taxonomy":"category","embeddable":true,"href":"https:\/\/visitvinkovci.com\/de\/wp-json\/wp\/v2\/categories?post=8940"},{"taxonomy":"post_tag","embeddable":true,"href":"https:\/\/visitvinkovci.com\/de\/wp-json\/wp\/v2\/tags?post=8940"}],"curies":[{"name":"wp","href":"https:\/\/api.w.org\/{rel}","templated":true}]}}