{"id":11828,"date":"2026-08-20T12:54:44","date_gmt":"2026-08-20T10:54:44","guid":{"rendered":"https:\/\/visitvinkovci.com\/?p=11828"},"modified":"2026-08-20T13:02:14","modified_gmt":"2026-08-20T11:02:14","slug":"javni-poziv-akcija-volim-vinkovce-u-sklopu-61-vinkovackih-jeseni","status":"publish","type":"post","link":"https:\/\/visitvinkovci.com\/de\/javni-poziv-akcija-volim-vinkovce-u-sklopu-61-vinkovackih-jeseni\/","title":{"rendered":"Javni poziv: akcija \u201eVolim Vinkovce\u201c u sklopu 61. Vinkova\u010dkih jeseni"},"content":{"rendered":"<p>U sklopu 61. Vinkova\u010dkih jeseni i pod temom\u00a0<strong>\u201eVlak slavonske ravnice\u201c<\/strong>, Turisti\u010dka zajednica grada Vinkovaca poziva gra\u0111ane, poslovne subjekte i sve zainteresirane sudionike da se uklju\u010de u akciju\u00a0<strong>\u201eVolim Vinkovce\u201c<\/strong> te prigodnim ure\u0111enjem doprinesu jesenskom ugo\u0111aju grada.<\/p>\n<p>U akciji se vrednuje prigodno ure\u0111enje\u00a0<strong>poslovnih prostora i izloga, oku\u0107nica, balkona te drugih prijavljenih kategorija<\/strong>, u skladu s temom ovogodi\u0161njih Vinkova\u010dkih jeseni, a vi\u0161e informacija, kao i kategorije za koje se mo\u017eete prijaviti, mo\u017eete prona\u0107i u <a href=\"https:\/\/visitvinkovci.com\/wp-content\/uploads\/2026\/08\/Javni-poziv-akcija-Volim-Vinkovce-2026.pdf\">Javnom pozivu.<\/a><\/p>\n<p><strong>Prijave su otvorene od 20. kolovoza do 8. rujna 2026. godine.<\/strong><\/p>\n<p>Zainteresirani se mogu prijaviti:<\/p>\n<ul>\n<li>putem\u00a0<a href=\"https:\/\/forms.gle\/x9ZHGH19Zy68DfSW7\" target=\"_blank\" rel=\"noopener\"><strong>online prijavnice<\/strong><\/a><\/li>\n<li>slanjem ispunjenog\u00a0<strong>obrasca prijave<\/strong>\u00a0na\u00a0<strong>info@visitvinkovci.com<\/strong><\/li>\n<li>po\u0161tom ili osobno na adresu:\u00a0<strong>Trg bana Josipa \u0160ok\u010devi\u0107a 4, 32100 Vinkovci<\/strong><\/li>\n<\/ul>\n<p>Za sudjelovanje je potrebno ispuniti prijavni obrazac i dostaviti ga najkasnije do\u00a0<strong>8. rujna 2026. godine<\/strong>.<\/p>\n<p><a href=\"https:\/\/visitvinkovci.com\/wp-content\/uploads\/2025\/09\/Pravilnik-akcije-Volim-Vinkovce.pdf\" target=\"_blank\" rel=\"noopener\">Pravilnik akcije &#8220;Volim Vinkovce&#8221;<\/a><\/p>","protected":false},"excerpt":{"rendered":"<p>U sklopu 61. Vinkova\u010dkih jeseni i pod temom\u00a0\u201eVlak slavonske ravnice\u201c, Turisti\u010dka zajednica grada Vinkovaca poziva gra\u0111ane, poslovne subjekte i sve zainteresirane sudionike da se uklju\u010de u akciju\u00a0\u201eVolim Vinkovce\u201c te prigodnim&#8230;<\/p>","protected":false},"author":2,"featured_media":11834,"comment_status":"closed","ping_status":"closed","sticky":false,"template":"","format":"standard","meta":{"footnotes":""},"categories":[1],"tags":[],"class_list":["post-11828","post","type-post","status-publish","format-standard","has-post-thumbnail","hentry","category-uncategorized-hr"],"acf":[],"_links":{"self":[{"href":"https:\/\/visitvinkovci.com\/de\/wp-json\/wp\/v2\/posts\/11828","targetHints":{"allow":["GET"]}}],"collection":[{"href":"https:\/\/visitvinkovci.com\/de\/wp-json\/wp\/v2\/posts"}],"about":[{"href":"https:\/\/visitvinkovci.com\/de\/wp-json\/wp\/v2\/types\/post"}],"author":[{"embeddable":true,"href":"https:\/\/visitvinkovci.com\/de\/wp-json\/wp\/v2\/users\/2"}],"replies":[{"embeddable":true,"href":"https:\/\/visitvinkovci.com\/de\/wp-json\/wp\/v2\/comments?post=11828"}],"version-history":[{"count":2,"href":"https:\/\/visitvinkovci.com\/de\/wp-json\/wp\/v2\/posts\/11828\/revisions"}],"predecessor-version":[{"id":11833,"href":"https:\/\/visitvinkovci.com\/de\/wp-json\/wp\/v2\/posts\/11828\/revisions\/11833"}],"wp:featuredmedia":[{"embeddable":true,"href":"https:\/\/visitvinkovci.com\/de\/wp-json\/wp\/v2\/media\/11834"}],"wp:attachment":[{"href":"https:\/\/visitvinkovci.com\/de\/wp-json\/wp\/v2\/media?parent=11828"}],"wp:term":[{"taxonomy":"category","embeddable":true,"href":"https:\/\/visitvinkovci.com\/de\/wp-json\/wp\/v2\/categories?post=11828"},{"taxonomy":"post_tag","embeddable":true,"href":"https:\/\/visitvinkovci.com\/de\/wp-json\/wp\/v2\/tags?post=11828"}],"curies":[{"name":"wp","href":"https:\/\/api.w.org\/{rel}","templated":true}]}}